{"id":21,"date":"2026-05-25T14:14:20","date_gmt":"2026-05-25T12:14:20","guid":{"rendered":"https:\/\/www.mohandbakir.net\/?p=21"},"modified":"2026-05-25T14:14:20","modified_gmt":"2026-05-25T12:14:20","slug":"travailler-avec-des-primo-arrivants-allogenes-accueillir-sans-infantiliser-former-sans-assimiler","status":"publish","type":"post","link":"https:\/\/www.mohandbakir.net\/?p=21","title":{"rendered":"Travailler avec des primo-arrivants allog\u00e8nes : accueillir sans infantiliser, former sans assimiler"},"content":{"rendered":"\n<h2 id=\"ne-pas-reduire-la-personne-a-son-statut\" class=\"wp-block-heading\">Ne pas r\u00e9duire la personne \u00e0 son statut<\/h2>\n\n\n\n<p class=\"wp-block-paragraph\">Travailler avec des primo-arrivants allog\u00e8nes impose une exigence particuli\u00e8re : ne pas r\u00e9duire la personne \u00e0 son statut administratif, \u00e0 sa langue, \u00e0 son origine ou \u00e0 ses manques suppos\u00e9s. Le primo-arrivant n\u2019est pas seulement celui qui arrive \u201csans conna\u00eetre les codes\u201d. Il est aussi porteur d\u2019un parcours, d\u2019exp\u00e9riences, de comp\u00e9tences, de blessures parfois, d\u2019attentes souvent fortes, et d\u2019une capacit\u00e9 d\u2019adaptation que les institutions sous-estiment trop facilement.<\/p>\n\n\n\n<h2 id=\"nommer-sans-enfermer\" class=\"wp-block-heading\">Nommer sans enfermer<\/h2>\n\n\n\n<p class=\"wp-block-paragraph\">Le mot \u201callog\u00e8ne\u201d doit d\u2019ailleurs \u00eatre mani\u00e9 avec prudence. Il d\u00e9signe ce qui vient d\u2019un autre groupe, d\u2019un autre territoire ou d\u2019une autre culture, mais il peut vite produire une distance froide, presque administrative. Dans le travail social, p\u00e9dagogique ou professionnel, l\u2019enjeu n\u2019est pas de classer les personnes selon leur ext\u00e9riorit\u00e9 suppos\u00e9e, mais de comprendre les \u00e9carts de rep\u00e8res qui peuvent freiner leur insertion : langue, normes professionnelles, acc\u00e8s aux droits, rapport \u00e0 l\u2019institution, codes sociaux, usages num\u00e9riques, mobilit\u00e9, sant\u00e9, logement, reconnaissance des dipl\u00f4mes ou des exp\u00e9riences ant\u00e9rieures.<\/p>\n\n\n\n<h2 id=\"accueillir-c-est-rendre-le-systeme-lisible\" class=\"wp-block-heading\">Accueillir, c\u2019est rendre le syst\u00e8me lisible<\/h2>\n\n\n\n<p class=\"wp-block-paragraph\">Le premier imp\u00e9ratif est donc l\u2019accueil. Pas un accueil d\u00e9coratif, limit\u00e9 \u00e0 quelques formules bienveillantes, mais un accueil structur\u00e9. Cela suppose de rendre lisibles les r\u00e8gles, les attentes, les \u00e9tapes et les interlocuteurs. Pour un primo-arrivant, l\u2019opacit\u00e9 institutionnelle peut \u00eatre aussi bloquante que la barri\u00e8re linguistique. Une convocation, un formulaire, un planning, un r\u00e8glement int\u00e9rieur, une consigne de formation ou une proc\u00e9dure administrative peuvent devenir des obstacles massifs lorsqu\u2019ils ne sont pas explicit\u00e9s. Accueillir, c\u2019est donc traduire le syst\u00e8me, pas seulement traduire les mots.<\/p>\n\n\n\n<h2 id=\"distinguer-difficulte-linguistique-et-competence-reelle\" class=\"wp-block-heading\">Distinguer difficult\u00e9 linguistique et comp\u00e9tence r\u00e9elle<\/h2>\n\n\n\n<p class=\"wp-block-paragraph\">Le deuxi\u00e8me enjeu est linguistique. La ma\u00eetrise du fran\u00e7ais conditionne l\u2019acc\u00e8s \u00e0 la formation, \u00e0 l\u2019emploi, aux droits et \u00e0 l\u2019autonomie. Mais il faut \u00e9viter une erreur fr\u00e9quente : consid\u00e9rer que toute difficult\u00e9 vient de la langue. Certains primo-arrivants poss\u00e8dent des comp\u00e9tences techniques solides, une exp\u00e9rience professionnelle r\u00e9elle, une culture du travail exigeante, mais se trouvent disqualifi\u00e9s parce qu\u2019ils ne ma\u00eetrisent pas encore les formulations attendues. Il faut donc distinguer la comp\u00e9tence professionnelle de la comp\u00e9tence linguistique. L\u2019accompagnement doit permettre aux personnes de progresser en fran\u00e7ais sans effacer leurs acquis.<\/p>\n\n\n\n<h2 id=\"adapter-la-pedagogie-sans-abaisser-l-exigence\" class=\"wp-block-heading\">Adapter la p\u00e9dagogie sans abaisser l\u2019exigence<\/h2>\n\n\n\n<p class=\"wp-block-paragraph\">Dans un cadre de formation, cela oblige \u00e0 adapter les pratiques p\u00e9dagogiques. Les consignes doivent \u00eatre courtes, explicites, reformul\u00e9es, illustr\u00e9es par des exemples concrets. Les supports doivent \u00e9viter le jargon inutile. Les \u00e9valuations doivent v\u00e9rifier la comp\u00e9tence vis\u00e9e, non pi\u00e9ger l\u2019apprenant par une complexit\u00e9 linguistique excessive. L\u2019oral, l\u2019image, la d\u00e9monstration, la mise en situation, le tutorat entre pairs et les activit\u00e9s pratiques sont souvent plus efficaces qu\u2019un face-\u00e0-face descendant satur\u00e9 d\u2019abstraction. Ce n\u2019est pas un abaissement du niveau : c\u2019est une condition d\u2019acc\u00e8s au niveau.<\/p>\n\n\n\n<h2 id=\"tenir-ensemble-bienveillance-et-cadre\" class=\"wp-block-heading\">Tenir ensemble bienveillance et cadre<\/h2>\n\n\n\n<p class=\"wp-block-paragraph\">Le troisi\u00e8me point concerne la posture professionnelle. Travailler avec des primo-arrivants demande de tenir ensemble deux exigences : la bienveillance et la clart\u00e9. La bienveillance sans exigence enferme dans l\u2019assistance. L\u2019exigence sans accompagnement produit de l\u2019exclusion. Il faut donc poser un cadre net : horaires, engagement, respect des r\u00e8gles collectives, objectifs \u00e0 atteindre, d\u00e9marches \u00e0 r\u00e9aliser. Mais ce cadre doit \u00eatre expliqu\u00e9, contextualis\u00e9, accompagn\u00e9. La personne doit comprendre ce qu\u2019on attend d\u2019elle, pourquoi on l\u2019attend, et comment elle peut y parvenir.<\/p>\n\n\n\n<h2 id=\"eviter-la-culturalisation-automatique-des-difficultes\" class=\"wp-block-heading\">\u00c9viter la culturalisation automatique des difficult\u00e9s<\/h2>\n\n\n\n<p class=\"wp-block-paragraph\">Un autre risque consiste \u00e0 culturaliser tous les comportements. Une difficult\u00e9 de ponctualit\u00e9, de prise de parole, de relation \u00e0 l\u2019autorit\u00e9, de rapport au groupe ou de compr\u00e9hension des proc\u00e9dures ne doit pas \u00eatre interpr\u00e9t\u00e9e trop vite comme un \u201ctrait culturel\u201d. Elle peut relever de la pr\u00e9carit\u00e9, du stress, d\u2019un parcours migratoire difficile, d\u2019une m\u00e9connaissance des normes locales, d\u2019une exp\u00e9rience institutionnelle ant\u00e9rieure marqu\u00e9e par la m\u00e9fiance, ou simplement d\u2019une incompr\u00e9hension. La culture compte, mais elle n\u2019explique pas tout. Le professionnel s\u00e9rieux observe, questionne, v\u00e9rifie, au lieu de plaquer des cat\u00e9gories toutes faites.<\/p>\n\n\n\n<h2 id=\"reconnaitre-les-acquis-invisibles\" class=\"wp-block-heading\">Reconna\u00eetre les acquis invisibles<\/h2>\n\n\n\n<p class=\"wp-block-paragraph\">L\u2019accompagnement des primo-arrivants doit aussi int\u00e9grer la question de la reconnaissance. Beaucoup arrivent avec un pass\u00e9 que l\u2019institution ne sait pas lire : m\u00e9tiers exerc\u00e9s sans dipl\u00f4me formel, \u00e9tudes interrompues, savoir-faire non document\u00e9s, responsabilit\u00e9s familiales, exp\u00e9riences entrepreneuriales, comp\u00e9tences plurilingues, capacit\u00e9s d\u2019adaptation. Le travail consiste \u00e0 faire \u00e9merger ces ressources, \u00e0 les nommer, \u00e0 les traduire dans les codes du pays d\u2019accueil : CV, entretien, portefeuille de comp\u00e9tences, positionnement, orientation, certification, validation des acquis lorsque c\u2019est possible.<\/p>\n\n\n\n<h2 id=\"viser-une-insertion-juste-pas-seulement-rapide\" class=\"wp-block-heading\">Viser une insertion juste, pas seulement rapide<\/h2>\n\n\n\n<p class=\"wp-block-paragraph\">Dans le champ professionnel, l\u2019objectif n\u2019est pas seulement l\u2019insertion rapide, mais l\u2019insertion juste. Orienter syst\u00e9matiquement les primo-arrivants vers les m\u00e9tiers en tension les moins valoris\u00e9s peut r\u00e9pondre \u00e0 une logique \u00e9conomique imm\u00e9diate, mais cela peut aussi reproduire une assignation sociale. Il faut \u00e9videmment tenir compte du march\u00e9 du travail, des besoins locaux et des contraintes r\u00e9elles. Mais accompagner dignement, c\u2019est aussi ouvrir des perspectives, identifier les trajectoires possibles, construire des \u00e9tapes, \u00e9viter que l\u2019urgence administrative ou financi\u00e8re ne devienne une condamnation durable \u00e0 la sous-qualification.<\/p>\n\n\n\n<h2 id=\"faire-mediation-entre-parcours-normes-et-projet\" class=\"wp-block-heading\">Faire m\u00e9diation entre parcours, normes et projet<\/h2>\n\n\n\n<p class=\"wp-block-paragraph\">Le travail avec des primo-arrivants repose enfin sur une logique de m\u00e9diation. M\u00e9diation entre la personne et l\u2019institution, entre l\u2019exp\u00e9rience ant\u00e9rieure et les normes locales, entre les attentes individuelles et les contraintes collectives, entre le projet r\u00eav\u00e9 et le parcours r\u00e9alisable. Cette m\u00e9diation exige des professionnels form\u00e9s, capables d\u2019\u00e9couter sans na\u00efvet\u00e9, d\u2019expliquer sans m\u00e9pris, de recadrer sans humilier, d\u2019encourager sans mentir.<\/p>\n\n\n\n<h2 id=\"mesurer-l-autonomie-pas-seulement-les-sorties-positives\" class=\"wp-block-heading\">Mesurer l\u2019autonomie, pas seulement les sorties positives<\/h2>\n\n\n\n<p class=\"wp-block-paragraph\">La r\u00e9ussite de cet accompagnement ne se mesure pas seulement au nombre de dossiers trait\u00e9s ou de sorties positives vers l\u2019emploi. Elle se mesure aussi \u00e0 la progression de l\u2019autonomie : comprendre un courrier, prendre un rendez-vous, utiliser un espace num\u00e9rique, identifier ses droits, formuler une demande, expliquer son parcours, se rep\u00e9rer dans une formation, travailler en \u00e9quipe, respecter un cadre sans se sentir \u00e9cras\u00e9 par lui.<\/p>\n\n\n\n<h2 id=\"transformer-l-arrivee-en-point-de-depart\" class=\"wp-block-heading\">Transformer l\u2019arriv\u00e9e en point de d\u00e9part<\/h2>\n\n\n\n<p class=\"wp-block-paragraph\">Travailler avec des primo-arrivants allog\u00e8nes, au fond, c\u2019est refuser deux impasses : l\u2019ang\u00e9lisme qui nie les difficult\u00e9s r\u00e9elles, et la suspicion qui transforme chaque diff\u00e9rence en probl\u00e8me. C\u2019est construire un cadre o\u00f9 l\u2019arriv\u00e9e devient un point de d\u00e9part, non une marque d\u2019inf\u00e9riorit\u00e9. C\u2019est permettre \u00e0 des personnes venues d\u2019ailleurs de ne pas rester enferm\u00e9es dans cet ailleurs, tout en reconnaissant que leur histoire, leurs langues et leurs exp\u00e9riences peuvent devenir des ressources pour la soci\u00e9t\u00e9 qui les accueille.<\/p>\n","protected":false},"excerpt":{"rendered":"<p>Ne pas r\u00e9duire la personne \u00e0 son statut Travailler avec des primo-arrivants allog\u00e8nes impose une exigence particuli\u00e8re : ne pas r\u00e9duire la personne \u00e0 son statut administratif, \u00e0 sa langue, \u00e0 son origine ou \u00e0 ses manques suppos\u00e9s. Le primo-arrivant n\u2019est pas seulement celui qui arrive \u201csans conna\u00eetre les codes\u201d. Il est aussi porteur d\u2019un [&hellip;]<\/p>\n","protected":false},"author":1,"featured_media":0,"comment_status":"open","ping_status":"open","sticky":false,"template":"","format":"standard","meta":{"_gspb_post_css":"","footnotes":""},"categories":[6],"tags":[12,14,11,16,10,13,15,9],"class_list":["post-21","post","type-post","status-publish","format-standard","hentry","category-accompagnement-orientation","tag-accueil-des-migrants","tag-fle","tag-formation-linguistique","tag-francais-langue-etrangere","tag-insertion-professionnelle","tag-insertion-sociale","tag-primo-arrivants","tag-publics-allogenes"],"blocksy_meta":[],"_links":{"self":[{"href":"https:\/\/www.mohandbakir.net\/index.php?rest_route=\/wp\/v2\/posts\/21","targetHints":{"allow":["GET"]}}],"collection":[{"href":"https:\/\/www.mohandbakir.net\/index.php?rest_route=\/wp\/v2\/posts"}],"about":[{"href":"https:\/\/www.mohandbakir.net\/index.php?rest_route=\/wp\/v2\/types\/post"}],"author":[{"embeddable":true,"href":"https:\/\/www.mohandbakir.net\/index.php?rest_route=\/wp\/v2\/users\/1"}],"replies":[{"embeddable":true,"href":"https:\/\/www.mohandbakir.net\/index.php?rest_route=%2Fwp%2Fv2%2Fcomments&post=21"}],"version-history":[{"count":1,"href":"https:\/\/www.mohandbakir.net\/index.php?rest_route=\/wp\/v2\/posts\/21\/revisions"}],"predecessor-version":[{"id":22,"href":"https:\/\/www.mohandbakir.net\/index.php?rest_route=\/wp\/v2\/posts\/21\/revisions\/22"}],"wp:attachment":[{"href":"https:\/\/www.mohandbakir.net\/index.php?rest_route=%2Fwp%2Fv2%2Fmedia&parent=21"}],"wp:term":[{"taxonomy":"category","embeddable":true,"href":"https:\/\/www.mohandbakir.net\/index.php?rest_route=%2Fwp%2Fv2%2Fcategories&post=21"},{"taxonomy":"post_tag","embeddable":true,"href":"https:\/\/www.mohandbakir.net\/index.php?rest_route=%2Fwp%2Fv2%2Ftags&post=21"}],"curies":[{"name":"wp","href":"https:\/\/api.w.org\/{rel}","templated":true}]}}